{"id":845,"date":"2021-03-26T16:33:37","date_gmt":"2021-03-26T16:33:37","guid":{"rendered":"https:\/\/www.sourdeac.fr\/?p=845"},"modified":"2021-03-26T22:33:53","modified_gmt":"2021-03-26T22:33:53","slug":"rochefort-en-terre-classe-plus-beau-village-de-france","status":"publish","type":"post","link":"https:\/\/www.sourdeac.fr\/?p=845","title":{"rendered":"Rochefort-en-Terre"},"content":{"rendered":"\t\t<div data-elementor-type=\"wp-post\" data-elementor-id=\"845\" class=\"elementor elementor-845\">\n\t\t\t\t\t\t<section class=\"elementor-section elementor-top-section elementor-element elementor-element-515de57d elementor-section-boxed elementor-section-height-default elementor-section-height-default\" data-id=\"515de57d\" data-element_type=\"section\">\n\t\t\t\t\t\t<div class=\"elementor-container elementor-column-gap-default\">\n\t\t\t\t\t<div class=\"elementor-column elementor-col-100 elementor-top-column elementor-element elementor-element-481b74b7\" data-id=\"481b74b7\" data-element_type=\"column\">\n\t\t\t<div class=\"elementor-widget-wrap elementor-element-populated\">\n\t\t\t\t\t\t<div class=\"elementor-element elementor-element-4d616731 elementor-widget elementor-widget-text-editor\" data-id=\"4d616731\" data-element_type=\"widget\" data-widget_type=\"text-editor.default\">\n\t\t\t\t<div class=\"elementor-widget-container\">\n\t\t\t\t\t\t\t\t\t<p><span style=\"font-size: 13px;\">En 2016 cette \u00ab\u00a0Petite cit\u00e9 de caract\u00e8re\u00a0\u00bb \u00e9tait \u00e9lue par la France \u00ab\u00a0Village pr\u00e9f\u00e9r\u00e9 des Fran\u00e7ais\u00a0\u00bb dans le cadre d&rsquo;une \u00e9mission de France 3, anim\u00e9e par St\u00e9phane Bern.<\/span><img fetchpriority=\"high\" decoding=\"async\" width=\"1024\" height=\"768\" class=\"wp-image-846\" src=\"https:\/\/www.sourdeac.fr\/wp-content\/uploads\/2021\/03\/puits-rochefort-en-terre-1024x768.jpg\" alt=\"\" srcset=\"https:\/\/www.sourdeac.fr\/wp-content\/uploads\/2021\/03\/puits-rochefort-en-terre-1024x768.jpg 1024w, https:\/\/www.sourdeac.fr\/wp-content\/uploads\/2021\/03\/puits-rochefort-en-terre-300x225.jpg 300w, https:\/\/www.sourdeac.fr\/wp-content\/uploads\/2021\/03\/puits-rochefort-en-terre-768x576.jpg 768w, https:\/\/www.sourdeac.fr\/wp-content\/uploads\/2021\/03\/puits-rochefort-en-terre-1536x1152.jpg 1536w, https:\/\/www.sourdeac.fr\/wp-content\/uploads\/2021\/03\/puits-rochefort-en-terre.jpg 1600w\" sizes=\"(max-width: 1024px) 100vw, 1024px\" \/><\/p><p><span style=\"font-family: 'Trebuchet MS'; font-size: 15px; font-style: normal; font-variant-ligatures: normal; font-variant-caps: normal; font-weight: 400;\">Rochefort-en-Terre m\u00e9rite une visite. C&rsquo;est seulement \u00e0 15 km de Sourd\u00e9ac<\/span><\/p>\t\t\t\t\t\t\t\t<\/div>\n\t\t\t\t<\/div>\n\t\t\t\t\t<\/div>\n\t\t<\/div>\n\t\t\t\t\t<\/div>\n\t\t<\/section>\n\t\t\t\t<\/div>\n\t\t","protected":false},"excerpt":{"rendered":"<p>En 2016 cette \u00ab\u00a0Petite cit\u00e9 de caract\u00e8re\u00a0\u00bb \u00e9tait \u00e9lue par la France \u00ab\u00a0Village pr\u00e9f\u00e9r\u00e9 des Fran\u00e7ais\u00a0\u00bb dans le cadre d&rsquo;une \u00e9mission de France 3, anim\u00e9e par St\u00e9phane Bern. Rochefort-en-Terre m\u00e9rite une visite. C&rsquo;est seulement \u00e0 15 km de Sourd\u00e9ac<\/p>\n","protected":false},"author":1,"featured_media":846,"comment_status":"closed","ping_status":"closed","sticky":false,"template":"","format":"standard","meta":{"_monsterinsights_skip_tracking":false,"_monsterinsights_sitenote_active":false,"_monsterinsights_sitenote_note":"","_monsterinsights_sitenote_category":0,"footnotes":""},"categories":[1],"tags":[],"class_list":["post-845","post","type-post","status-publish","format-standard","has-post-thumbnail","hentry","category-uncategorized"],"yoast_head":"<!-- This site is optimized with the Yoast SEO plugin v27.5 - https:\/\/yoast.com\/product\/yoast-seo-wordpress\/ -->\n<title>Rochefort-en-Terre - Sourd\u00e9ac<\/title>\n<meta name=\"robots\" content=\"index, follow, max-snippet:-1, max-image-preview:large, max-video-preview:-1\" \/>\n<link rel=\"canonical\" href=\"https:\/\/www.sourdeac.fr\/?p=845\" \/>\n<meta property=\"og:locale\" content=\"fr_FR\" \/>\n<meta property=\"og:type\" content=\"article\" \/>\n<meta property=\"og:title\" content=\"Rochefort-en-Terre - Sourd\u00e9ac\" \/>\n<meta property=\"og:description\" content=\"En 2016 cette \u00ab\u00a0Petite cit\u00e9 de caract\u00e8re\u00a0\u00bb \u00e9tait \u00e9lue par la France \u00ab\u00a0Village pr\u00e9f\u00e9r\u00e9 des Fran\u00e7ais\u00a0\u00bb dans le cadre d&rsquo;une \u00e9mission de France 3, anim\u00e9e par St\u00e9phane Bern. Rochefort-en-Terre m\u00e9rite une visite. C&rsquo;est seulement \u00e0 15 km de Sourd\u00e9ac\" \/>\n<meta property=\"og:url\" content=\"https:\/\/www.sourdeac.fr\/?p=845\" \/>\n<meta property=\"og:site_name\" content=\"Sourd\u00e9ac\" \/>\n<meta property=\"article:published_time\" content=\"2021-03-26T16:33:37+00:00\" \/>\n<meta property=\"article:modified_time\" content=\"2021-03-26T22:33:53+00:00\" \/>\n<meta property=\"og:image\" content=\"https:\/\/www.sourdeac.fr\/wp-content\/uploads\/2021\/03\/puits-rochefort-en-terre.jpg\" \/>\n\t<meta property=\"og:image:width\" content=\"1600\" \/>\n\t<meta property=\"og:image:height\" content=\"1200\" \/>\n\t<meta property=\"og:image:type\" content=\"image\/jpeg\" \/>\n<meta name=\"author\" content=\"moderateur\" \/>\n<meta name=\"twitter:card\" content=\"summary_large_image\" \/>\n<meta name=\"twitter:label1\" content=\"\u00c9crit par\" \/>\n\t<meta name=\"twitter:data1\" content=\"moderateur\" \/>\n\t<meta name=\"twitter:label2\" content=\"Dur\u00e9e de lecture estim\u00e9e\" \/>\n\t<meta name=\"twitter:data2\" content=\"1 minute\" \/>\n<script type=\"application\/ld+json\" class=\"yoast-schema-graph\">{\"@context\":\"https:\\\/\\\/schema.org\",\"@graph\":[{\"@type\":\"Article\",\"@id\":\"https:\\\/\\\/www.sourdeac.fr\\\/?p=845#article\",\"isPartOf\":{\"@id\":\"https:\\\/\\\/www.sourdeac.fr\\\/?p=845\"},\"author\":{\"name\":\"moderateur\",\"@id\":\"https:\\\/\\\/www.sourdeac.fr\\\/#\\\/schema\\\/person\\\/8f5654ce7d89651391b972a33ce0394e\"},\"headline\":\"Rochefort-en-Terre\",\"datePublished\":\"2021-03-26T16:33:37+00:00\",\"dateModified\":\"2021-03-26T22:33:53+00:00\",\"mainEntityOfPage\":{\"@id\":\"https:\\\/\\\/www.sourdeac.fr\\\/?p=845\"},\"wordCount\":46,\"image\":{\"@id\":\"https:\\\/\\\/www.sourdeac.fr\\\/?p=845#primaryimage\"},\"thumbnailUrl\":\"https:\\\/\\\/www.sourdeac.fr\\\/wp-content\\\/uploads\\\/2021\\\/03\\\/puits-rochefort-en-terre.jpg\",\"articleSection\":[\"Uncategorized\"],\"inLanguage\":\"fr-FR\"},{\"@type\":\"WebPage\",\"@id\":\"https:\\\/\\\/www.sourdeac.fr\\\/?p=845\",\"url\":\"https:\\\/\\\/www.sourdeac.fr\\\/?p=845\",\"name\":\"Rochefort-en-Terre - Sourd\u00e9ac\",\"isPartOf\":{\"@id\":\"https:\\\/\\\/www.sourdeac.fr\\\/#website\"},\"primaryImageOfPage\":{\"@id\":\"https:\\\/\\\/www.sourdeac.fr\\\/?p=845#primaryimage\"},\"image\":{\"@id\":\"https:\\\/\\\/www.sourdeac.fr\\\/?p=845#primaryimage\"},\"thumbnailUrl\":\"https:\\\/\\\/www.sourdeac.fr\\\/wp-content\\\/uploads\\\/2021\\\/03\\\/puits-rochefort-en-terre.jpg\",\"datePublished\":\"2021-03-26T16:33:37+00:00\",\"dateModified\":\"2021-03-26T22:33:53+00:00\",\"author\":{\"@id\":\"https:\\\/\\\/www.sourdeac.fr\\\/#\\\/schema\\\/person\\\/8f5654ce7d89651391b972a33ce0394e\"},\"breadcrumb\":{\"@id\":\"https:\\\/\\\/www.sourdeac.fr\\\/?p=845#breadcrumb\"},\"inLanguage\":\"fr-FR\",\"potentialAction\":[{\"@type\":\"ReadAction\",\"target\":[\"https:\\\/\\\/www.sourdeac.fr\\\/?p=845\"]}]},{\"@type\":\"ImageObject\",\"inLanguage\":\"fr-FR\",\"@id\":\"https:\\\/\\\/www.sourdeac.fr\\\/?p=845#primaryimage\",\"url\":\"https:\\\/\\\/www.sourdeac.fr\\\/wp-content\\\/uploads\\\/2021\\\/03\\\/puits-rochefort-en-terre.jpg\",\"contentUrl\":\"https:\\\/\\\/www.sourdeac.fr\\\/wp-content\\\/uploads\\\/2021\\\/03\\\/puits-rochefort-en-terre.jpg\",\"width\":1600,\"height\":1200},{\"@type\":\"BreadcrumbList\",\"@id\":\"https:\\\/\\\/www.sourdeac.fr\\\/?p=845#breadcrumb\",\"itemListElement\":[{\"@type\":\"ListItem\",\"position\":1,\"name\":\"Accueil\",\"item\":\"https:\\\/\\\/www.sourdeac.fr\\\/\"},{\"@type\":\"ListItem\",\"position\":2,\"name\":\"Rochefort-en-Terre\"}]},{\"@type\":\"WebSite\",\"@id\":\"https:\\\/\\\/www.sourdeac.fr\\\/#website\",\"url\":\"https:\\\/\\\/www.sourdeac.fr\\\/\",\"name\":\"Sourd\u00e9ac\",\"description\":\"Une maison de famille, son histoire, ses habitants, ses activit\u00e9s, ...\",\"potentialAction\":[{\"@type\":\"SearchAction\",\"target\":{\"@type\":\"EntryPoint\",\"urlTemplate\":\"https:\\\/\\\/www.sourdeac.fr\\\/?s={search_term_string}\"},\"query-input\":{\"@type\":\"PropertyValueSpecification\",\"valueRequired\":true,\"valueName\":\"search_term_string\"}}],\"inLanguage\":\"fr-FR\"},{\"@type\":\"Person\",\"@id\":\"https:\\\/\\\/www.sourdeac.fr\\\/#\\\/schema\\\/person\\\/8f5654ce7d89651391b972a33ce0394e\",\"name\":\"moderateur\",\"image\":{\"@type\":\"ImageObject\",\"inLanguage\":\"fr-FR\",\"@id\":\"https:\\\/\\\/secure.gravatar.com\\\/avatar\\\/4253e32260a5b337e2581511c948af0ecabe17b806bf4ac7fd45ffdf0b8de590?s=96&d=mm&r=g\",\"url\":\"https:\\\/\\\/secure.gravatar.com\\\/avatar\\\/4253e32260a5b337e2581511c948af0ecabe17b806bf4ac7fd45ffdf0b8de590?s=96&d=mm&r=g\",\"contentUrl\":\"https:\\\/\\\/secure.gravatar.com\\\/avatar\\\/4253e32260a5b337e2581511c948af0ecabe17b806bf4ac7fd45ffdf0b8de590?s=96&d=mm&r=g\",\"caption\":\"moderateur\"},\"sameAs\":[\"http:\\\/\\\/www.sourdeac.fr\"],\"url\":\"https:\\\/\\\/www.sourdeac.fr\\\/?author=1\"}]}<\/script>\n<!-- \/ Yoast SEO plugin. -->","yoast_head_json":{"title":"Rochefort-en-Terre - Sourd\u00e9ac","robots":{"index":"index","follow":"follow","max-snippet":"max-snippet:-1","max-image-preview":"max-image-preview:large","max-video-preview":"max-video-preview:-1"},"canonical":"https:\/\/www.sourdeac.fr\/?p=845","og_locale":"fr_FR","og_type":"article","og_title":"Rochefort-en-Terre - Sourd\u00e9ac","og_description":"En 2016 cette \u00ab\u00a0Petite cit\u00e9 de caract\u00e8re\u00a0\u00bb \u00e9tait \u00e9lue par la France \u00ab\u00a0Village pr\u00e9f\u00e9r\u00e9 des Fran\u00e7ais\u00a0\u00bb dans le cadre d&rsquo;une \u00e9mission de France 3, anim\u00e9e par St\u00e9phane Bern. Rochefort-en-Terre m\u00e9rite une visite. C&rsquo;est seulement \u00e0 15 km de Sourd\u00e9ac","og_url":"https:\/\/www.sourdeac.fr\/?p=845","og_site_name":"Sourd\u00e9ac","article_published_time":"2021-03-26T16:33:37+00:00","article_modified_time":"2021-03-26T22:33:53+00:00","og_image":[{"width":1600,"height":1200,"url":"https:\/\/www.sourdeac.fr\/wp-content\/uploads\/2021\/03\/puits-rochefort-en-terre.jpg","type":"image\/jpeg"}],"author":"moderateur","twitter_card":"summary_large_image","twitter_misc":{"\u00c9crit par":"moderateur","Dur\u00e9e de lecture estim\u00e9e":"1 minute"},"schema":{"@context":"https:\/\/schema.org","@graph":[{"@type":"Article","@id":"https:\/\/www.sourdeac.fr\/?p=845#article","isPartOf":{"@id":"https:\/\/www.sourdeac.fr\/?p=845"},"author":{"name":"moderateur","@id":"https:\/\/www.sourdeac.fr\/#\/schema\/person\/8f5654ce7d89651391b972a33ce0394e"},"headline":"Rochefort-en-Terre","datePublished":"2021-03-26T16:33:37+00:00","dateModified":"2021-03-26T22:33:53+00:00","mainEntityOfPage":{"@id":"https:\/\/www.sourdeac.fr\/?p=845"},"wordCount":46,"image":{"@id":"https:\/\/www.sourdeac.fr\/?p=845#primaryimage"},"thumbnailUrl":"https:\/\/www.sourdeac.fr\/wp-content\/uploads\/2021\/03\/puits-rochefort-en-terre.jpg","articleSection":["Uncategorized"],"inLanguage":"fr-FR"},{"@type":"WebPage","@id":"https:\/\/www.sourdeac.fr\/?p=845","url":"https:\/\/www.sourdeac.fr\/?p=845","name":"Rochefort-en-Terre - Sourd\u00e9ac","isPartOf":{"@id":"https:\/\/www.sourdeac.fr\/#website"},"primaryImageOfPage":{"@id":"https:\/\/www.sourdeac.fr\/?p=845#primaryimage"},"image":{"@id":"https:\/\/www.sourdeac.fr\/?p=845#primaryimage"},"thumbnailUrl":"https:\/\/www.sourdeac.fr\/wp-content\/uploads\/2021\/03\/puits-rochefort-en-terre.jpg","datePublished":"2021-03-26T16:33:37+00:00","dateModified":"2021-03-26T22:33:53+00:00","author":{"@id":"https:\/\/www.sourdeac.fr\/#\/schema\/person\/8f5654ce7d89651391b972a33ce0394e"},"breadcrumb":{"@id":"https:\/\/www.sourdeac.fr\/?p=845#breadcrumb"},"inLanguage":"fr-FR","potentialAction":[{"@type":"ReadAction","target":["https:\/\/www.sourdeac.fr\/?p=845"]}]},{"@type":"ImageObject","inLanguage":"fr-FR","@id":"https:\/\/www.sourdeac.fr\/?p=845#primaryimage","url":"https:\/\/www.sourdeac.fr\/wp-content\/uploads\/2021\/03\/puits-rochefort-en-terre.jpg","contentUrl":"https:\/\/www.sourdeac.fr\/wp-content\/uploads\/2021\/03\/puits-rochefort-en-terre.jpg","width":1600,"height":1200},{"@type":"BreadcrumbList","@id":"https:\/\/www.sourdeac.fr\/?p=845#breadcrumb","itemListElement":[{"@type":"ListItem","position":1,"name":"Accueil","item":"https:\/\/www.sourdeac.fr\/"},{"@type":"ListItem","position":2,"name":"Rochefort-en-Terre"}]},{"@type":"WebSite","@id":"https:\/\/www.sourdeac.fr\/#website","url":"https:\/\/www.sourdeac.fr\/","name":"Sourd\u00e9ac","description":"Une maison de famille, son histoire, ses habitants, ses activit\u00e9s, ...","potentialAction":[{"@type":"SearchAction","target":{"@type":"EntryPoint","urlTemplate":"https:\/\/www.sourdeac.fr\/?s={search_term_string}"},"query-input":{"@type":"PropertyValueSpecification","valueRequired":true,"valueName":"search_term_string"}}],"inLanguage":"fr-FR"},{"@type":"Person","@id":"https:\/\/www.sourdeac.fr\/#\/schema\/person\/8f5654ce7d89651391b972a33ce0394e","name":"moderateur","image":{"@type":"ImageObject","inLanguage":"fr-FR","@id":"https:\/\/secure.gravatar.com\/avatar\/4253e32260a5b337e2581511c948af0ecabe17b806bf4ac7fd45ffdf0b8de590?s=96&d=mm&r=g","url":"https:\/\/secure.gravatar.com\/avatar\/4253e32260a5b337e2581511c948af0ecabe17b806bf4ac7fd45ffdf0b8de590?s=96&d=mm&r=g","contentUrl":"https:\/\/secure.gravatar.com\/avatar\/4253e32260a5b337e2581511c948af0ecabe17b806bf4ac7fd45ffdf0b8de590?s=96&d=mm&r=g","caption":"moderateur"},"sameAs":["http:\/\/www.sourdeac.fr"],"url":"https:\/\/www.sourdeac.fr\/?author=1"}]}},"_links":{"self":[{"href":"https:\/\/www.sourdeac.fr\/index.php?rest_route=\/wp\/v2\/posts\/845","targetHints":{"allow":["GET"]}}],"collection":[{"href":"https:\/\/www.sourdeac.fr\/index.php?rest_route=\/wp\/v2\/posts"}],"about":[{"href":"https:\/\/www.sourdeac.fr\/index.php?rest_route=\/wp\/v2\/types\/post"}],"author":[{"embeddable":true,"href":"https:\/\/www.sourdeac.fr\/index.php?rest_route=\/wp\/v2\/users\/1"}],"replies":[{"embeddable":true,"href":"https:\/\/www.sourdeac.fr\/index.php?rest_route=%2Fwp%2Fv2%2Fcomments&post=845"}],"version-history":[{"count":27,"href":"https:\/\/www.sourdeac.fr\/index.php?rest_route=\/wp\/v2\/posts\/845\/revisions"}],"predecessor-version":[{"id":913,"href":"https:\/\/www.sourdeac.fr\/index.php?rest_route=\/wp\/v2\/posts\/845\/revisions\/913"}],"wp:featuredmedia":[{"embeddable":true,"href":"https:\/\/www.sourdeac.fr\/index.php?rest_route=\/wp\/v2\/media\/846"}],"wp:attachment":[{"href":"https:\/\/www.sourdeac.fr\/index.php?rest_route=%2Fwp%2Fv2%2Fmedia&parent=845"}],"wp:term":[{"taxonomy":"category","embeddable":true,"href":"https:\/\/www.sourdeac.fr\/index.php?rest_route=%2Fwp%2Fv2%2Fcategories&post=845"},{"taxonomy":"post_tag","embeddable":true,"href":"https:\/\/www.sourdeac.fr\/index.php?rest_route=%2Fwp%2Fv2%2Ftags&post=845"}],"curies":[{"name":"wp","href":"https:\/\/api.w.org\/{rel}","templated":true}]}}